{"id":262,"date":"2010-02-10T13:16:51","date_gmt":"2010-02-10T12:16:51","guid":{"rendered":"http:\/\/www.mundurat.net\/ataramine\/?p=262"},"modified":"2015-01-13T17:35:17","modified_gmt":"2015-01-13T16:35:17","slug":"jon-etxeandia-gure-artera","status":"publish","type":"post","link":"http:\/\/www.literaturakoadernoak.org\/?p=262","title":{"rendered":"Jon Etxeandia, gure artera"},"content":{"rendered":"<p><img decoding=\"async\" src=\"http:\/\/farm3.static.flickr.com\/2696\/4345246811_b281554837_o.jpg\" alt=\"\" \/><\/p>\n<p><a href=\"http:\/\/eu.wikipedia.org\/wiki\/Jon_Etxeandia\"><strong>Jon Etxeandia Zorroza<\/strong><\/a> gure artera bildu da. Hemendik aurrera ez du garagardorik edango. Ez du maitasunik egingo. Ez du konspirazioan jarraituko. Ez du hitz egingo. Ez du idatziko. Ez du agitazio eta propagandan arituko. Liburuak ez ditu irakurriko. Ez du kartzelaz eta literaturaz jardungo. Atzo hil zen. Hemendik aurrera ezingo du bere kabuz jarraitu, eta, hartara, gurekin ibiliko da, garagardoak edaten, maitasuna egiten, konspirazioan, hitz egiten, idazten, kartzelaz eta literaturaz, preso eta iheslariekin arduratzen, agit-prop egiten, irakurtzen&#8230; elkarrekin ehundutako bizitzaren jarioan.<br \/>\n<strong><br \/>\nJon Etxeandia <\/strong><\/p>\n<p>Jon Etxeandia 1962. urtean jaio zen Bilbon. Gaztetan, Komunisten Batasuneko gazterian militatu ondoren ETA erakundean sartu zen. 1983. urtean, 21 urte zituela, atxilotu egin zuten, torturatu eta espetxera bidali. <\/p>\n<blockquote><p>Lapurketa<\/p>\n<p>Zilegitzat nuen poemak idaztea,<br \/>\nbaina mundu hau<br \/>\nez dago kontu askotarako.<\/p>\n<p>Ene poemak<br \/>\npoliziak kendu zizkidanean<br \/>\nkomisarioak esan zuen<br \/>\n<em>el cuaderno de las chorradas<\/em><br \/>\ndesartikulaturik zegoela<\/p><\/blockquote>\n<p>Espetxean idazten jarraitu zuen. Poemak, gutunak, idatziak&#8230; <strong>Pabel Ortzantza<\/strong> izenarekin sinatzen zituen han eta hemen argitaratutakoak, Sobieten Iraultza eta jatorria bilduaz (Ikusi <a href=\"http:\/\/andima.armiarma.com\/susa\/susa21.htm\">Susa 23-24 Itzalpeko ahotsak<\/a>). Antzerki antzezpenak antolatzen ezagutu genuen espetxean. Kazetaritza ikasi zuen, artean UPVn ikastea zegoenean. Ibilbide aldapatsua egin behar izan zuen espetxean: Salto del Negro, Melilla, Malaga, Alicante&#8230; tratu txarrak, jipoiak, gose grebak, arazo psikologikoak (desoreka bipolarra diagnostikatu zioten), arazoak medikazioarekin&#8230;  Azkenean, 18 urte eta hilabete baten ostean kalera irten zen berriro.<\/p>\n<p><img decoding=\"async\" src=\"http:\/\/www.gara.net\/Repository\/Imagenes\/Pub_2\/Issue_4152\/AzkenEzketxe.jpg\" width=\"450\" \/><\/p>\n<p>Kalean Amnistiaren Aldeko Mugimenduan jardun zuen, espetxeetako zigorrari ihes egin ezinean. Euskarazko eskolak ematen. Betiko lagunekin eta gazteekin. Borroka sozialean. <a href=\"http:\/\/www.literaturakoadernoak.org\/?p=276\"><strong>&#8220;Kartzelako lanak&#8221;<\/strong><\/a> liburuan bildu zituen kartzelan egindako  poema eta idatzi batzuk. <\/p>\n<blockquote><p>Besterik ez, aberkide maitekok. Preso guzti eta bakoitzari ene irripar zintzoa eta besarkadarik beroena bidali nahi nizkuzueke, azken ziegaraino heltzeko asmoz. Zuena beti izango den marinel ijito abertzale honen partetik, osasuna eta askatasuna.<\/p><\/blockquote>\n<p><strong>Atarami\u00f1e<\/strong> elkarteko sortzaile eta partaide izan dugu Jon. Berak eraman du elkarte honen ardura hainbat urtetan. <strong><a href=\"http:\/\/www.literaturakoadernoak.org\/?p=73\">&#8220;Gosea lagun, laguna&#8221;<\/a><\/strong> liburuan ere badira bere espetxeko hainbat kontu. Kalean bizimodu gorabeheratsua ere izan du hainbatetan, baina gaixotasunaren eta tratamenduaren artean, Jon elementu bizkorra gailendu da beti.<\/p>\n<p><strong>Beti gure artean, Jon! <\/strong><\/p>\n<p><img decoding=\"async\" src=\"http:\/\/farm5.static.flickr.com\/4021\/4345962654_f21c293e78_m.jpg\" width=\"180\" \/><\/p>\n<blockquote><p><strong><br \/>\nPsicosis<\/strong> (1996)<br \/>\n(A Juantxo Mui\u00f1os, Txuri y dem\u00e1s compas que le apoyaron)<\/p>\n<p>Alguien, hace a\u00f1os, le envenen\u00f3. El resto fue cuesti\u00f3n de tiempo, de acoso y fermento. No pudo m\u00e1s. Se sinti\u00f3 llamado, como si alguien le anduviese probando y pens\u00f3 que hab\u00ed\u00ada llegado su hora, el tiempo de ser libre, de ofrecer su fruto o abonar la tierra con su cuerpo. Sus viejas heridas se le hab\u00ed\u00ad\u00adan hecho insoportable. Necesitaba vomitar todo aquello. Estall\u00f3.<\/p>\n<p>Una ma\u00f1ana se levant\u00f3 transformado en un arrano y quiso volar hacia el sol. Dec\u00ed\u00ada que iba a reunirse con Joxi y Josean: &#8220;son mis testigos&#8221;, clamaba, pese a que nunca lleg\u00f3 a conocertlos. En su delirio quiso abrir, desde dentro, los portones de las c\u00e1rceles. Hablaba con los gorriones aunque no lo acababa de tener del todo claro con las palomas que, ante sus ojos, picoteban con avidez trozos de carne.<\/p>\n<p>Se sent\u00ed\u00ad\u00ada poderoso y transcendente, &#8220;un animal de galaxia&#8221;. Quiso dejar tras de s\u00ed\u00ad\u00ad mundos m\u00e1s humanos. Y ya, en lo que se le antoj\u00f3 un gesto de amor y pensando que aquellos eran sus \u00faltimos instantes en el planeta, se le ocurri\u00f3 enviar a su nave a un &#8220;travieso&#8221; que rulaba por all\u00ed\u00ad\u00ad, como si en el\/ella residiese, antes incluso de en el simio, alguna inspiraci\u00f3n que aclarase el orgien de la especia. En el patio se arm\u00f3 la runga.<\/p>\n<p>Nadie baj\u00f3 del cielo. Su extravagante comportamiento no pas\u00f3 desapercibido a sus guardianes que, desde hac\u00ed\u00ad\u00ada ya algunos d\u00ed\u00ad\u00adas, hab\u00ed\u00ad\u00adan instalado en torno a \u00e9l toda una tela de ara\u00f1a que aumentaba su confusi\u00f3n. &#8220;Algo ha sucedido, -pens\u00f3-, debo quedarme, morir aqu\u00ed\u00ad&#8221;. Cuando le preguntaron no supo decir el a\u00f1o en que viv\u00ed\u00ad\u00ada, ni siguiera la fecha exacta de su nacimiento. Aquella noche durmi\u00f3 atiborrado de pastillas: &#8220;Te vas a enterar ahora&#8221;, habian susurrado. creyo que tomaba la cicuta y lo hizo sin oponer resistencia, aceptando docilmente su destino. Pensaba que si \u00e9l hab\u00ed\u00ada fracasado alguien vendr\u00ed\u00ada por detr\u00e1s. Eso le tranquilizaba.<\/p>\n<p>Al d\u00ed\u00ad\u00ada siguiente se despert\u00f3 vivo y continu\u00f3 caminando en la canci\u00f3n. Los murmullos que acompa\u00f1aban sus pasos apenas le moletaban. Las leyes del mundo que hasta entonces hab\u00ed\u00ada conocido no le dec\u00ed\u00adan gran cosa sobre la nueva realidad. Las viejas canciones le parec\u00ed\u00ad\u00adan escritas para \u00e9l. Todo se hab\u00ed\u00ad\u00ada vuelto intrincado, subliminal, cr\u00ed\u00ad\u00adptico, m\u00e1gico y terrible. La muerte le rondaba en cualquier descuido. Se hizo consciente de su debilidad, tuvo miedo y alguna noche llor\u00f3 pens\u00e1ndose repudiado. El respeto se lo tuvo que ganar a fuerza de hacerse gato y dormir despierto.<\/p>\n<p>Se crey\u00f3 portador de alg\u00fan misterio que explicaba su supervivencia. No entend\u00ed\u00ada de franteras entre la vida y la muerte, charlaba con aRgala y Roque Dalton. Peleaba por la libertad de Euskal Herria, la justicia y la paz. A los civiles lleg\u00f3 hasta a cantarles canciones de la Revoluci\u00f3n de los Claveles. Compadre\u00f3 con bandidos buenos y hasta con un gitano leg\u00ed\u00ad\u00adtimo que, en realidad, era un confidente de la Guardia Civil. Quiso endulzar la vida de los enfermos terminales y postular una pedagog\u00ed\u00ad\u00ada del oprimido que brotase de los departamentos celulares. En el psiquiatrico, le dijeron que su locura no era com\u00fan.<\/p>\n<p>En la prisi\u00f3n, ya de vuelta, no sab\u00ed\u00adan ni que hacer con \u00e9l. Se hab\u00ed\u00ada declarado insumiso a la medicaci\u00f3n y su actitud quijotesca se les hizo insoportable. De poco val\u00ed\u00ada con seguirle la corriente, embozarse tras su puerta gritando viva Espa\u00f1a o aplicarle a la fuerza la camisa qu\u00ed\u00ad\u00admica. Hubo incluso un m\u00e9dico que intent\u00f3 embaucar a un preso para que hiciese de manporrero.<\/p>\n<p>Ni los amigos pod\u00ed\u00ad\u00adan ya pararle. El continuaba hablando de la luna, atra\u00ed\u00ada la lluvia a su capricho y bailaba en el patio extra\u00f1as danzas. Los carceleros se decidieron por el mate y una ma\u00f1ana, cuando m\u00e1s tranquli estaba, pusieron la megafon\u00ed\u00ad\u00ada a todo volumen. Los dem\u00e1s presos mascullaban juramentos. El salt\u00f3. La cosa acab\u00f3 muy malamente: le hicieron andar &#8220;los 50 metros hsotia&#8221;, nueva modalidad ol\u00ed\u00ad\u00admpica, aunque no call\u00f3 en todo el camino diciendo algo de un hermano suyo que ven\u00ed\u00ad\u00ada por detr\u00e1s. Cuando se quiso dar cuenta yac\u00ed\u00ad\u00ada en un camastro de la enfermer\u00ed\u00ada, redrogado por un mengele que no quiso entender sus razones y rematado por los carceleros.<\/p>\n<p>Han pasado ya algunos meses. Viaj\u00f3 de c\u00e1rcel en c\u00e1rcel. Vinieron nuevamente l@s amig@s y, con afecto y paciencia, propiciaron su retorno. Durante un tiempo anduvo medio muerto, acobardado. Pero ahora ha vuelto a sonreir y escribe un relato autobiogr\u00e1fico en tercera persona que, asegura, &#8220;es como lavarse&#8221;. Me lo encontr\u00e9 ayer paseando por el patio. Segu\u00ed\u00ad\u00ada so\u00f1ando caminos. Me encarg\u00f3 que mandase recuerdos a la pe\u00f1a. <\/p><\/blockquote>\n<p><a href=\"http:\/\/euskalherria.indymedia.org\/media\/2010\/02\/\/67055.pdf\">Kartzelako lanak.pdf<\/a><\/p>\n<p><img decoding=\"async\" src=\"http:\/\/www.literaturakoadernoak.org\/web\/images\/images%20segapoto\/gosea1.gif\" width=\"180\" \/><\/p>\n<blockquote><p><strong>Apirilak 26&#8230; 22. eguna:<\/strong><\/p>\n<p>Grebaren azken eguna. Banekien lorik ez nuela ondo egingo. Egunsentiko argi printzek leihotik begira harrapatu naute ordurako hiru bat zigarro erreta nituela.<\/p>\n<p>&#8211; Egun on, Arrano Luma.<\/p>\n<p>Sekulako eguna dator. Hodeiertzerantz begiratu eta, ukabila altxatuz, landa guztia agurtu dut, nonbait indiar ohiturak ikasita edo. Sirenak jo baino lehen, isiltasuna lagun, gose grebalari ororen figurak zeru altutik pasatzen ikustatu ditugu Arrano Luma eta biok. Une bateko kontua izan da, lilurapen bat. Eta segituan boligrafoa hartu eta nire bihotzeko anai handi bati telegramatxo hau idatzi diot:<\/p>\n<p><em>&#8220;Gabon zahar egunean antzemandakoaren antzera, udaberriak horma bat eskalatzen, lan bat bukatzen, itsasontzia porturatzen harrapatu gaitu. Ondo errekuperatu eta &#8220;Otsoekin dantzan&#8221; ozen eta libertario batez&#8230; Euskadi ta askatasuna. Jhony&#8221;.<\/em><\/p><\/blockquote>\n<p><a href=\"http:\/\/www.literaturakoadernoak.org\/web\/images\/images%20segapoto\/gosea%20lagun.pdf\">Gosea lagun, laguna.pdf <\/a><\/p>\n<p><img decoding=\"async\" src=\"http:\/\/farm5.static.flickr.com\/4009\/4345220259_34744f6635_m.jpg\" width=\"180\" \/><\/p>\n<blockquote><p><strong><br \/>\nESTERMINIO<\/strong><\/p>\n<p>Espainiako demokratek<br \/>\nozenki dinote:<br \/>\naqu\u00ed\u00ad\u00ad no hay pena de muerte<br \/>\nEta bitartean<br \/>\nkartzelako medikuek<br \/>\nmila kolorezko pastilez<br \/>\npreso gaisoak dituzte asetzen<br \/>\n     &#8230;eta isolamendua<br \/>\n     eta urrunera<br \/>\n     eta gosea<br \/>\n     eta ur hotza<br \/>\n     eta munstroaren eskuetan<br \/>\n     gaudela jakitea&#8230;<br \/>\nGaur goizean zeldak irekitzean<br \/>\nsei urte zeraman preso<br \/>\nlagun baten gorpua<br \/>\naurkitu dute.<\/p><\/blockquote>\n<p><a href=\"http:\/\/andima.armiarma.com\/susa\/susa2105.htm\">Poemak, Pabel Ortzantza<\/a><\/p>\n<p>>> Wikipedian: <a href=\"http:\/\/eu.wikipedia.org\/wiki\/Jon_Etxeandia\">Jon Etxeandia<\/a><br \/>\n>> Ekintza Zuzena 29. zkia.: <a href=\"http:\/\/www.nodo50.org\/ekintza\/article.php3?id_article=64\">LA C\u00c1RCEL ES PARA LOS POBRES Y PARA LOS REBELDES Entrevista a dos presos de ETA<\/a><br \/>\n>> Xabier Izaga <a href=\"http:\/\/www.gara.net\/paperezkoa\/20100213\/182736\/eu\/Pare-bat-topiko------Jon-Etxeandiarentzat\">Pare bat topiko Jon Etxeandiarentzat<\/a><br \/>\n>> Antton Azkargorta eta Jose Luis Herrero <a href=\"http:\/\/paperekoa.berria.info\/iritzia\/2010-02-19\/006\/005\/Buesa_fundazioa_eta_Donostiako_Musika_Eskola_Jon_Etxeandia_beti_gogoan_Uri_Iri_Uli_eta_Ili.htm\">Jon Etxeandia, beti gogoan<\/a><\/p>\n<div style=\"padding-bottom:20px; padding-top:10px;\" class=\"hupso-share-buttons\"><!-- Hupso Share Buttons - http:\/\/www.hupso.com\/share\/ --><a class=\"hupso_toolbar\" href=\"http:\/\/www.hupso.com\/share\/\"><img src=\"http:\/\/static.hupso.com\/share\/buttons\/share-medium.png\" style=\"border:0px; padding-top:5px; float:left;\" alt=\"Share\"\/><\/a><script type=\"text\/javascript\">var hupso_services_t=new Array(\"Twitter\",\"Facebook\",\"Linkedin\",\"StumbleUpon\",\"Digg\",\"Reddit\",\"Bebo\",\"Delicious\"); var hupso_toolbar_size_t=\"medium\";var hupso_url_t=\"\";var hupso_title_t=\"Jon Etxeandia, gure artera\";<\/script><script type=\"text\/javascript\" src=\"http:\/\/static.hupso.com\/share\/js\/share_toolbar.js\"><\/script><!-- Hupso Share Buttons --><\/div>","protected":false},"excerpt":{"rendered":"<p>Jon Etxeandia Zorroza gure artera bildu da. Hemendik aurrera ez du garagardorik edango. Ez du maitasunik egingo. Ez du konspirazioan jarraituko. Ez du hitz egingo. Ez du idatziko. Ez du agitazio eta propagandan arituko. Liburuak ez ditu irakurriko. Ez du kartzelaz eta literaturaz jardungo. Atzo hil zen. Hemendik aurrera ezingo du bere kabuz jarraitu, eta, [&hellip;]<\/p>\n<div style=\"padding-bottom:20px; padding-top:10px;\" class=\"hupso-share-buttons\"><!-- Hupso Share Buttons - http:\/\/www.hupso.com\/share\/ --><a class=\"hupso_toolbar\" href=\"http:\/\/www.hupso.com\/share\/\"><img src=\"http:\/\/static.hupso.com\/share\/buttons\/share-medium.png\" style=\"border:0px; padding-top:5px; float:left;\" alt=\"Share\"\/><\/a><script type=\"text\/javascript\">var hupso_services_t=new Array(\"Twitter\",\"Facebook\",\"Linkedin\",\"StumbleUpon\",\"Digg\",\"Reddit\",\"Bebo\",\"Delicious\"); var hupso_toolbar_size_t=\"medium\";var hupso_url_t=\"\";var hupso_title_t=\"Jon Etxeandia, gure artera\";<\/script><script type=\"text\/javascript\" src=\"http:\/\/static.hupso.com\/share\/js\/share_toolbar.js\"><\/script><!-- Hupso Share Buttons --><\/div>","protected":false},"author":1,"featured_media":0,"comment_status":"open","ping_status":"open","sticky":false,"template":"","format":"standard","meta":{"footnotes":"","_share_on_mastodon":"1"},"categories":[27,28,30],"tags":[],"share_on_mastodon":{"url":"","error":""},"_links":{"self":[{"href":"http:\/\/www.literaturakoadernoak.org\/index.php?rest_route=\/wp\/v2\/posts\/262"}],"collection":[{"href":"http:\/\/www.literaturakoadernoak.org\/index.php?rest_route=\/wp\/v2\/posts"}],"about":[{"href":"http:\/\/www.literaturakoadernoak.org\/index.php?rest_route=\/wp\/v2\/types\/post"}],"author":[{"embeddable":true,"href":"http:\/\/www.literaturakoadernoak.org\/index.php?rest_route=\/wp\/v2\/users\/1"}],"replies":[{"embeddable":true,"href":"http:\/\/www.literaturakoadernoak.org\/index.php?rest_route=%2Fwp%2Fv2%2Fcomments&post=262"}],"version-history":[{"count":18,"href":"http:\/\/www.literaturakoadernoak.org\/index.php?rest_route=\/wp\/v2\/posts\/262\/revisions"}],"predecessor-version":[{"id":264,"href":"http:\/\/www.literaturakoadernoak.org\/index.php?rest_route=\/wp\/v2\/posts\/262\/revisions\/264"}],"wp:attachment":[{"href":"http:\/\/www.literaturakoadernoak.org\/index.php?rest_route=%2Fwp%2Fv2%2Fmedia&parent=262"}],"wp:term":[{"taxonomy":"category","embeddable":true,"href":"http:\/\/www.literaturakoadernoak.org\/index.php?rest_route=%2Fwp%2Fv2%2Fcategories&post=262"},{"taxonomy":"post_tag","embeddable":true,"href":"http:\/\/www.literaturakoadernoak.org\/index.php?rest_route=%2Fwp%2Fv2%2Ftags&post=262"}],"curies":[{"name":"wp","href":"https:\/\/api.w.org\/{rel}","templated":true}]}}