{"id":4055,"date":"2017-11-20T12:51:03","date_gmt":"2017-11-20T11:51:03","guid":{"rendered":"http:\/\/www.literaturakoadernoak.org\/?p=4055"},"modified":"2019-02-01T14:07:36","modified_gmt":"2019-02-01T13:07:36","slug":"ibon-munoa-udaberrian-biziko-gara","status":"publish","type":"post","link":"https:\/\/www.literaturakoadernoak.org\/?p=4055","title":{"rendered":"Ibon Mu\u00f1oa, &#8220;Udaberrian biziko gara&#8221;"},"content":{"rendered":"<p><a href=\"https:\/\/c1.staticflickr.com\/5\/4564\/38537419791_dcc447621d_o.jpg\"><img decoding=\"async\" src=\"https:\/\/c1.staticflickr.com\/5\/4564\/38537419791_c4f2fee010.jpg\" width=\"250\" \/><\/a><\/p>\n<p><strong>Udaberrian biziko gara<\/strong><br \/>\nIbon Mu\u00f1oa Arizmendiarrieta<br \/>\nAtarami\u00f1e, 2017<br \/>\nBertsoak<br \/>\nNeurriak: 10,5 x 15 zm.<br \/>\n330 orrialde.<br \/>\nAzaleko irudia:<br \/>\nMitxel Zarrabe<br \/>\nHitzaurrea: Amaia Ere\u00f1aga<\/p>\n<p>\n<strong>>> <a href=\"https:\/\/archive.org\/download\/Udaberrian\/UdaberrianBizikoGara%2B.pdf\">PDF formatuan<\/a><br \/>\n>> <a href=\"https:\/\/archive.org\/stream\/Udaberrian\/UdaberrianBizikoGara%2B#page\/n0\/mode\/2up\">ON LINE irakurtzeko<\/a><br \/>\n>> <a href=\"https:\/\/archive.org\/details\/Udaberrian\/page\/n0\">e-book eta beste formatu batzuk<\/a><\/strong><br \/>\n<\/p>\n<blockquote>\n<p><strong>IBONEK IREKI DIZKIGUN LEIHOAK<\/strong><\/p>\n<p>Aspaldidanik ezagutzen dugu elkar, baina, sinistu egidazue, inoiz ez nuen esango Ibon Mu\u00f1oa poeta zenik. \u201cEta zuk poeta bati sen hori nola sumatzen diozu barren?\u201d, galdetuko didazue. Bueno, aitor dezadan, itxurakerietan ez badabil \u2013eta hori ez da Ibonen estiloa \u2013, musuan ez zaio igartzen, ezta ibilketan edo jendearen aurrean berba egiten duenean ere, demagun enkartelada baten ostean edo udal batzar baten aurrean. Poeta batek ez darama bizkarrean \u00abHitz lauz eta neurritzetan berba egin eta idazten dut\u00bb edo antzeko zerbait dioen mezua zintzilikaturik. Agian, bere sare sozialeko egoeran zerbait aipatuko luke&#8230; baina, tamalez, Ibonen ziegaraino ez da Internetik iristen. Presoak hirugarren mundu paralelo batean mantentzen dituzte. Horri aurre egiteko, leiho mentalak irekitzen dituzte.<\/p>\n<p>Kartzelatu aurretik Ibonek bakartasunean bertsoak lotzea gustuko ote zituen galdera sortu zitzaidan bere lehenengo liburua esku artean izan nuenean. Bertsozalea izan da betidanik nik uste, euskaltzalea dudarik gabe eta, nire iruditeria propioan, 60-80ko hamarkadetako Eibar industrializatu, itsusi, bizi eta, zergatik ez, maitatuan aurki zitezkeen azken mohikanoen tribuko indioa. Eibartar euskaldun indioa, alegia. Ez baitzen ohikoa herri armagineko euskara ederra entzutea \u2013eta aldarrikatzea komeniko litzaiguke, nahiz eta \u201cbentania\u201d eta antzekoekin barregarri utzi nahi izan duten beti\u2013 erdal giroaz blaitutako kale, fabrika, eskola eta taberna haietan. <\/p>\n<p>Juan Mari Narbaizaren (1949-2016) bertso batzuk aurkitu ditut horren inguruan. Seguruenik Eibarrek eman duen plazako bertsolari bakarrari Jose Luis Gorrotxategi osintxuarrak puntu hau jarri zion behin: \u201cBizkai edo Gipuzku, Eibar zer diagu?\u201d, bota zion Gorrotxategik, eta makina bat urtetan Arrateko jaietan entzun dugun bertsolari bizi eta alai hark honela erantzun zion: <\/p>\n<p>\u201cGarbi esan geuk ere ez zekiagu.<br \/>\n Mendi tarte batean uda eta negu<br \/>\nkalez ez gaituk noski askorik zabaldu<br \/>\nindustria salbu, nahiz soroak galdu<br \/>\nbaserriak a(ha)ldu, kinkiak ugaldu<br \/>\ndagonean gastatzen bazekiagu.<br \/>\nBizkaiako giputxak igual gaituk gu\u201d. <\/p>\n<p>Eta hori esanda, helduko diogu esku artean daukazuen liburuari. Ibon Mu\u00f1oak kaleratu duen laugarrena da, eta, nire ustez, lauren artean biribilena, sakonena, benetakoena, gizon eta idazle modura egin duen ibilbidearen isla. Olerki eta bertso idatziz osatuta, Udaberrian biziko gara 2015eko udaberrian hasten da, ekainean zehazki, eta ia urte eta erdiko bidaia egin ondoren, 2017ko urtarrileko helmugara garamatza. Data zehatz batera, hots, \u201cIa hamazazpi, urte deserrian, dispertsioan, zoru sikuan\u201d bete dituenean.<\/p>\n<p>Baina zergatik udaberria?<\/p>\n<p>\u201cZiegan bizigura zait<br \/>\nneguan eskasten,<br \/>\nuste ustelak dizkit<br \/>\nirriak ebasten,<br \/>\npentsamenduan dira<br \/>\nasmoak lardasten,<br \/>\nudaberrian aldiz<br \/>\nideiak arazten,<br \/>\nsentiera hasten da<br \/>\norduan arnasten\u201d. <\/p>\n<p>Esperantzaz bustitako gerezien denbora Kordoba udatiarraren bero ustelean urtzen da, udazkeneko herriminak manta baten azpian uxatu nahi den neguko hotzean izozten dira. Urtaroen zikloak aurrera darrai, bizitza ziklikoa baita. Aldiz, denbora lineala da, batez ere gatibu daudenentzat.<\/p>\n<p>\u201cLurrak biraka darrai ortzian<br \/>\nespetxean zaudenean,<br \/>\nkideak esan zidan umorez<br \/>\netxartean geundenean,<br \/>\niruzkinari erantzun nion<br \/>\ntrostan ari nintzenean,<br \/>\n&#8216;ez da erraza konturatzea<br \/>\nmurrutzar hauen barnean,<br \/>\nzu zarenean egon etzanda<br \/>\nurtetan oroimenean,<br \/>\nbihar maiteaz orduko xarma<br \/>\npiztea nahi duzunean&#8217;\u201d.<\/p>\n<p>Linealtasun horren aurka borrokatzen ari da etengabe Mu\u00f1oa letra hauetan. Atzera eta aurrera dihardu: orain, iraganera zabaltzen duen leiho batetik arnasa hartuz; ondoren, munduan gertatzen ari diren gertakizunei bere talaia bakartitik begiratuz, eta oro har urruti eta gertu duen Euskal Herri amestua begi bistatik galdu barik. Eta beti, baina beti, sabai-leihoetatik laprast egiten duten sentimenduak nonahi ageri dira. Garratz, goxo, zintzo, sakon, mingarri. <\/p>\n<p>\u00abSentimenduak letretan islatzen ditut\u00bb argitzen digu. Bertso eta olerki egituran zabaldu dituen leiho mental horietatik begiratzera gonbidatzen gaitu idazleak.<\/p>\n<p>\u201cBedatseak dakarkit<br \/>\nnaroki onura,<br \/>\nzuzen eramaten nau<br \/>\ndesiren zorura,<br \/>\negoki sendatzen dit<br \/>\nhotzaren malura,<br \/>\ngorputzari eskaintzen<br \/>\ndio estaldura,<br \/>\nhorri esker ziegan zait<br \/>\nlurruntzen tristura,<br \/>\nkartzelak eragiten<br \/>\nduen arrangura\u201d<\/p>\n<p>Atarami\u00f1e argitaletxearen aurkezpenerako egin zuen hausnarketan irakurri diot Jose Luis Otamendi idazle azpeitiarrari seguruenik euskal preso politikoena izango dela \u201cgure gizartean kolektiborik idazletza eta irakurketari emanena, eta euskaldunduena ere bai bidenabar esanda\u201d. Horren adibide ospetsuena Joseba Sarrionandia izan daiteke. Han eta hemen arakatzen, Ibonek zabaldutako leihoak buruan bueltaka nituen arratsalde batean, Interneteko leihotik Sarriri beste kide batek egin zion elkarrizketa agertu zitzaidan. Elkarrizketa berezia zen, Herrerako kartzelan zeudelako biak gatibu. <\/p>\n<p>1984ko maiatz hartan (udaberria zen, nola ez)  elkarrizketatzailea Mitxel Sarasketa zen, Ibonen liburu honetan azaltzen den beste eibartar bat. \u00abZer da literatura hiretzat, ihesa?\u201d, galdetu zion Mitxelek, eta zera erantzun zion Iurretako idazleak: \u201cIhesa ez. Literaturarekin ez duk ihes inora egiten. Poemarik ederrena idatzita ere lehengo lekuan geratzen haiz. Ihes hik eta nik egin beharko diagu, baina asmatu behar zelan [hemen, Sarriri igarle ukitua hartu diot, urtebete beranduago ihes egitea lortu zuelako]. Ez zakiat nik jeneralizatu daitekeen, zer den literatura edo zer den maitasuna, edo zer den libertatea, halako definizioak arbitrarioak izaten dituk, Thomas Mannek esaten zuela uste diat definizio orokor guztiak direla traizioneroak. Orduan, ez zakiat, baina literatura ezagupidea duk, errealitatearen eta norbere gogo nabarduren ezagupidea. Komunikazioa ere baduk, nahiz eta idazle eta irakurlearen artean desfase handia dagoen, Literatura estetika dela argi zagok, lengoaiaren materia. Etika ere baduk, klaro. Eta hainbeste gauza denez, igual bizitzeko modua besterik ez duk\u201d. <\/p>\n<p>Nik, nire aldetik, oraingoz ez daukat Ibon Mu\u00f1oari ea zer uste duen itauntzeko betarik, baina olerki hau hartu diot erantzun modura. <\/p>\n<p>\u201cIrudimena dantzut<br \/>\ndeika ohatzean,<br \/>\ntaupadak danga dira<br \/>\nhasi arratsean,<br \/>\nsentimendua bor-bor<br \/>\ndabil laratzean,<br \/>\nmusa sartu delako<br \/>\nberben baratzean,<br \/>\nbertso-uzta dezadan<br \/>\nbatu esnatzean\u201d.<\/p>\n<p><strong>Amaia Ere\u00f1aga Azkarate<\/strong><\/p><\/blockquote>\n<div style=\"padding-bottom:20px; padding-top:10px;\" class=\"hupso-share-buttons\"><!-- Hupso Share Buttons - http:\/\/www.hupso.com\/share\/ --><a class=\"hupso_toolbar\" href=\"http:\/\/www.hupso.com\/share\/\"><img src=\"https:\/\/static.hupso.com\/share\/buttons\/share-medium.png\" style=\"border:0px; padding-top:5px; float:left;\" alt=\"Share\"\/><\/a><script type=\"text\/javascript\">var hupso_services_t=new Array(\"Twitter\",\"Facebook\",\"Linkedin\",\"StumbleUpon\",\"Digg\",\"Reddit\",\"Bebo\",\"Delicious\"); var hupso_toolbar_size_t=\"medium\";var hupso_url_t=\"\";var hupso_title_t=\"Ibon Mu\u00f1oa, &quot;Udaberrian biziko gara&quot;\";<\/script><script type=\"text\/javascript\" src=\"https:\/\/static.hupso.com\/share\/js\/share_toolbar.js\"><\/script><!-- Hupso Share Buttons --><\/div>","protected":false},"excerpt":{"rendered":"<p>Udaberrian biziko gara Ibon Mu\u00f1oa Arizmendiarrieta Atarami\u00f1e, 2017 Bertsoak Neurriak: 10,5 x 15 zm. 330 orrialde. Azaleko irudia: Mitxel Zarrabe Hitzaurrea: Amaia Ere\u00f1aga >> PDF formatuan >> ON LINE irakurtzeko >> e-book eta beste formatu batzuk IBONEK IREKI DIZKIGUN LEIHOAK Aspaldidanik ezagutzen dugu elkar, baina, sinistu egidazue, inoiz ez nuen esango Ibon Mu\u00f1oa poeta zenik. [&hellip;]<\/p>\n<div style=\"padding-bottom:20px; padding-top:10px;\" class=\"hupso-share-buttons\"><!-- Hupso Share Buttons - http:\/\/www.hupso.com\/share\/ --><a class=\"hupso_toolbar\" href=\"http:\/\/www.hupso.com\/share\/\"><img src=\"https:\/\/static.hupso.com\/share\/buttons\/share-medium.png\" style=\"border:0px; padding-top:5px; float:left;\" alt=\"Share\"\/><\/a><script type=\"text\/javascript\">var hupso_services_t=new Array(\"Twitter\",\"Facebook\",\"Linkedin\",\"StumbleUpon\",\"Digg\",\"Reddit\",\"Bebo\",\"Delicious\"); var hupso_toolbar_size_t=\"medium\";var hupso_url_t=\"\";var hupso_title_t=\"Ibon Mu\u00f1oa, &quot;Udaberrian biziko gara&quot;\";<\/script><script type=\"text\/javascript\" src=\"https:\/\/static.hupso.com\/share\/js\/share_toolbar.js\"><\/script><!-- Hupso Share Buttons --><\/div>","protected":false},"author":1,"featured_media":0,"comment_status":"closed","ping_status":"closed","sticky":false,"template":"","format":"standard","meta":{"footnotes":"","_share_on_mastodon":"1"},"categories":[27,20,8,30,13],"tags":[],"share_on_mastodon":{"url":"","error":""},"_links":{"self":[{"href":"https:\/\/www.literaturakoadernoak.org\/index.php?rest_route=\/wp\/v2\/posts\/4055"}],"collection":[{"href":"https:\/\/www.literaturakoadernoak.org\/index.php?rest_route=\/wp\/v2\/posts"}],"about":[{"href":"https:\/\/www.literaturakoadernoak.org\/index.php?rest_route=\/wp\/v2\/types\/post"}],"author":[{"embeddable":true,"href":"https:\/\/www.literaturakoadernoak.org\/index.php?rest_route=\/wp\/v2\/users\/1"}],"replies":[{"embeddable":true,"href":"https:\/\/www.literaturakoadernoak.org\/index.php?rest_route=%2Fwp%2Fv2%2Fcomments&post=4055"}],"version-history":[{"count":7,"href":"https:\/\/www.literaturakoadernoak.org\/index.php?rest_route=\/wp\/v2\/posts\/4055\/revisions"}],"predecessor-version":[{"id":4416,"href":"https:\/\/www.literaturakoadernoak.org\/index.php?rest_route=\/wp\/v2\/posts\/4055\/revisions\/4416"}],"wp:attachment":[{"href":"https:\/\/www.literaturakoadernoak.org\/index.php?rest_route=%2Fwp%2Fv2%2Fmedia&parent=4055"}],"wp:term":[{"taxonomy":"category","embeddable":true,"href":"https:\/\/www.literaturakoadernoak.org\/index.php?rest_route=%2Fwp%2Fv2%2Fcategories&post=4055"},{"taxonomy":"post_tag","embeddable":true,"href":"https:\/\/www.literaturakoadernoak.org\/index.php?rest_route=%2Fwp%2Fv2%2Ftags&post=4055"}],"curies":[{"name":"wp","href":"https:\/\/api.w.org\/{rel}","templated":true}]}}