{"id":4472,"date":"2019-07-09T18:57:49","date_gmt":"2019-07-09T16:57:49","guid":{"rendered":"http:\/\/www.literaturakoadernoak.org\/?p=4472"},"modified":"2019-07-09T19:12:57","modified_gmt":"2019-07-09T17:12:57","slug":"lorentxa-beyrie-tindatzea-pasioa-eta-beharra-denean","status":"publish","type":"post","link":"https:\/\/www.literaturakoadernoak.org\/?p=4472","title":{"rendered":"Lorentxa Beyrie, tindatzea pasioa eta beharra denean"},"content":{"rendered":"<p><img decoding=\"async\" src=\"https:\/\/pbs.twimg.com\/media\/D_DK9EiWkAAcq-6.jpg\" width=\"250\" \/><\/p>\n<p>.<\/p>\n<p>.<\/p>\n<p>.<\/p>\n<p><a href=\"http:\/\/www.haspand-art.com\/artistes\/lorentxa-beyrie\"><strong>\u2192 haspand-art.com: Lorentxa Beyrie<\/strong><\/a><\/p>\n<blockquote><p>Lorentxa BEYRIE<br \/>\nARROKA<br \/>\n64240 Kambo<\/p>\n<p>Mail: arroka@cegetel.net<\/p>\n<p>.<\/p>\n<p>Tableau Gernika<\/p>\n<p><img decoding=\"async\" src=\"http:\/\/www.haspand-art.com\/_\/rsrc\/1523463896992\/artistes\/lorentxa-beyrie\/Gerka.JPG?height=314&#038;width=400\" width=\"350\" \/><\/p>\n<p>GERNIKA<\/p>\n<p>Est n\u00e9e en 1975 \u00e0 Kambo dans une famille basque<\/p>\n<p>Comme les autres enfants de la famille, elle est scolaris\u00e9e \u00e0 l&#8217;ikastola de la maternelle au bac . Cette scolarit\u00e9 lui donne une ma\u00eetrise totale de sa langue maternelle.<\/p>\n<p>L&#8217;\u00e9tude du fran\u00e7ais en seconde langue, lui permet de des \u00e9tudes universitaire \u00e0 Bordeaux, de passer une licence d&#8217;ethnologie et de pr\u00e9parer une ma\u00eetrise d&#8217;anthropologie.<\/p>\n<p>Militante engag\u00e9e, elle fait le choix de la lutte arm\u00e9e. Elle est arr\u00eat\u00e9e en 2001 et est depuis incarc\u00e9r\u00e9e en France.<\/p>\n<p>Lorentxa a toujours assum\u00e9 avec courage et d\u00e9termination son attachement \u00e0 son peuple et son appartenance \u00e0 l&#8217;Organisation arm\u00e9e basque.<\/p>\n<p>Au cours d&#8217;un proc\u00e8s en 2007 elle d\u00e9clare:<\/p>\n<p>&#8220;Nous sommes parmi les peuples qui ne sont ni reconnus, ni respect\u00e9s. Alors nous faisons partie des peuples qui n&#8217;existent que par la lutte.<\/p>\n<p>C&#8217;est la seule existence qui nous reste. Ce combat c&#8217;est notre existence jusqu&#8217;au jour ou nous serons reconnus&#8221;<\/p>\n<p><strong>Une artiste en devenir<\/strong><\/p>\n<p>Son parcours artistique d\u00e9bute en prison,<\/p>\n<p>&#8211; des contes illustr\u00e9s pour les petits de sa famille<\/p>\n<p>&#8211; des peintures sur soie pour les plus grands et les amis, et enfin des pastels<\/p>\n<p>Peindre durant son incarc\u00e9ration est pour elle une n\u00e9cessit\u00e9, et une passion car cela lui permet de mettre une distance par rapport \u00e0 sa situation, de ne pas se laisser enfermer ,<\/p>\n<p>A travers son travail elle communique avec ceux qui d\u00e9couvrent ses tableaux . Ses oeuvres (jalonn\u00e9e par des progr\u00e8s rapides), sont empreintes de sensibilit\u00e9 d&#8217;imagination et de mouvement.<\/p>\n<p>C&#8217;est donc aujourd&#8217;hui \u00e0 l&#8217;art qu&#8217;elle confie ses sentiments ses moments d&#8217;espoir ou de tristesse.<\/p>\n<p>Ses compositions sont construites sur la sensation, l&#8217;accord charnel , voire sensuel avec les couleurs.<\/p>\n<p>Elle s&#8217;affirme po\u00e8te de la couleur. Elle ouvre un champ d&#8217;exploration de l&#8217;\u00eatre \u00e0 travers leurs vibrations puisant leur puyissance dans le cosmos.<\/p>\n<p>Ses toiles communiquent un effet de joie organique, que l&#8217;on pourrait qualifier de Dionysiaque. Une satisfaction heureuse ou dramatique selon le cas, toujours habit\u00e9e d&#8217;une vibration comme musicale<\/p>\n<p><strong>Laurentxa veut plus que tout peindre la vie<\/strong><\/p>\n<p>La technique est en cours de perfectionnement, m\u00eame si ses toiles sont identifiables au premier coup d\u2019\u0153il.<\/p>\n<p>Durant plusieurs ann\u00e9es elle ne faisait rien pour promouvoir et vendre sa production; la r\u00e9servant \u00e0 un petit cercle d\u2019initi\u00e9s et de passionn\u00e9s.<\/p>\n<p>C\u2019est sous l\u2019amicale pression de ses amis, et parce qu\u2019elle se sentait capable de franchir le pas toujours d\u00e9licat d\u2019affronter le jugement du public qu\u2019elle s\u2019est d\u00e9cid\u00e9e \u00e0 exposer.<\/p>\n<p>Ce qui lui valut le jugement ci joint de Michel Fourcade (artiste r\u00e9put\u00e9 et chroniqueur artistique de plusieurs journaux lors de sa participation au salon d&#8217;Hiver de Carmaux (81) en d\u00e9cembre 2014<\/p>\n<p>Lorentxa Beyrie n\u2019est pas un cas \u00e0 part, mais elle a commenc\u00e9 \u00e0 peindre (elle fait certes du pastel, cependant l\u2019acte est celui de la peinture), sans r\u00e9f\u00e9rence aucune.<\/p>\n<p>Apr\u00e8s des d\u00e9buts &#8220;maladroits \u00bb, ce qui est normal, n\u2019ayant pas eu les acquis de d\u00e9part, au fur et \u00e0 mesure des mois et des ann\u00e9es, elle d\u00e9veloppe une intelligence de la peinture que je trouve impressionnante.<\/p>\n<p>Elle aborde des sujets qui lui sont propres et qui font qu\u2019elle sort d\u2019elle-m\u00eame des odes \u00e0 la nature et \u00e0 la vie.<\/p>\n<p>Que ce soient des personnages ou des paysages, dans les plus \u00ab calmes \u00bb il y a toujours des petites lueurs et dans les autres qui ne seraient pas, je le suppose, des paysages notre regard est \u00ab frapp\u00e9 \u00bb par des fulgurances de lumi\u00e8re et couleurs qui impressionnent, sans jeux de mot, la r\u00e9tine et de l\u00e0, l\u2019intellect et donc la r\u00e9flexion,<\/p>\n<p>Lorentxa Beyrie nous entra\u00eene dans des sc\u00e8nes \u00e0 l\u2019onirisme majestueux. Il y a parfois un expressionnisme des grands Allemands ou alors, par moments son travail est proche de la Trans-Avant garde Italienne, Son Don Quichotte est une flamme de puissance.<\/p>\n<p>Don Quichotte est souvent le personnage que l\u2019on voit un peu ridicule parce qu\u2019il se bat contre des moulins et chim\u00e8res.<\/p>\n<p>Lorentxa Beyrie \u00e9tend le champ des possibilit\u00e9s fictionnelles et son Don Quichotte en est l\u2019exemple parfait: de ridicule, sous ses mains et son intelligence, il devient flamboyant. C\u2019est aussi une peinture \u00e0 l\u2019intelligence tr\u00e8s contemporaine, nous ne sommes pas (plus) devant une peinture d\u2019amatrice, mais devant une \u0153uvre en train de se construire.<\/p>\n<p><strong>Lorentxa BEYRIE<\/strong><\/p>\n<p><em>Lorentxa BEYRIE Haspand\u2019Art sareko kidea da<\/em>. Webgunea bisitatu: <a href=\"http:\/\/www.haspand-art.com\/artistes\/lorentxa-beyrie\">www.haspand-art.com<\/a><\/p>\n<p><strong>Neska gazte sutsua<\/strong><\/p>\n<p>Lorentxa Kanbon sortu zen familia euskaldun batean 1975ko maiatzaren 10ean. Ama-eskolatik baxoa arte Ikastolan ibili da. Eskola ibilbide horri esker bere ama hizkuntza osoki menperatzen du. Bere ikasketak segitzen ditu Bordaleko unibertsitatean (etnologia lizentzia) eta antropologia maisutza prestatzen du.<\/p>\n<p>Militante engaiatua, borroka armatuaren hautua egiten du. Bere bizia kolpez aldatzen da 2011ko martxoan atxilotua delarik, erakunde terrorista bat laguntzeaz akusaturik, kondenatua da. Oraindik preso da gaur egun.<\/p>\n<p>Bere ibilbide artistikoa presondegian hasten da : Bere familiako ttipiendako ipuin marrazkituak, zeta gaineko tinduak haundiendako eta lagunendako, eta azkenik pastel lanak.<\/p>\n<p><strong>Aitzina doan artista<\/strong><\/p>\n<p>Bere atxiloaldian, tindatzea pasio eta behar bat da. Bere lanaren bidez komunikatzen du bere margolanak ezagutzen dituzten jendeekin. Ondorioz gaur egun bere sentimenduak, esperantza edo tristura mementoak arteari eskaintzen dizkio.<\/p>\n<p>Bere obrak sentikortasunez, irudimenez eta mugimenduz beteak dira. Bereak diren gaiak aipatzen ditu, eta bere baitatik natura eta biziaren aldeko omenaldiak ateratzen ditu.<\/p>\n<p>Gure behakoa, argi eta kolore tximistek harritzen dute, begia durduzatzen dute, eta hortik adimena, beraz gogoeta.<\/p>\n<p>Lorentxa Beyriek maiestatezko amets eszenetan gaindi eramaiten gaitu. Bere obrak sentsazioaren, eta koloreekin bat etortze sentsualaren gainean eraikiak dira. Kolorearen poeta dela erakusten du.<\/p>\n<p>Lorentxak, ororen gainetik, bizia tindatu nahi du.<\/p>\n<p>2011an, bere lagunek bultzaturik eta publikoaren iritziaren aurrean aurkezteko urrats zail hau gainditzeko gai senditzen zelako, bere obren erakustea deliberatu du. Geroztik bere obrak erregularki kalitatezko erakusketetan zintzilikatuak dira, fama haundiko artisten ondoan.<\/p>\n<p><em>le tableau pl\u00e9bicit\u00e9 par le public<\/em> <\/p>\n<p><img decoding=\"async\" src=\"http:\/\/www.haspand-art.com\/_\/rsrc\/1472849197858\/artistes\/lorentxa-beyrie\/Don%20Quichotte%202.JPG?height=320&#038;width=208\" width=\"350\" \/><\/p>\n<p><strong><em>D\u00e9cembre 2014<\/em> Jentilen mundua<\/strong><\/p>\n<p>Tableau conceptuel, au sein duquel Lorentxa a cach\u00e9 de nomconsistaitbreux signes qui relient son \u0153uvre aux croyances basques ancestrales. Ce tableau est une mise en sc\u00e8ne de la mythologie basque dans un syst\u00e8me religieux axe sur les rapports terre-ciel-\u00e9l\u00e9ments<\/p>\n<p><img decoding=\"async\" src=\"http:\/\/www.haspand-art.com\/_\/rsrc\/1472849193426\/artistes\/lorentxa-beyrie\/DSC00292.JPG?height=400&#038;width=300\" width=\"350\" \/><\/p>\n<p>En premier plan Un arbre : qui se termine par une main protectrice<\/p>\n<p>Ses racines sont profond\u00e9ment fich\u00e9es en terre. Il est le symbole de l\u2019union terre -ciel<\/p>\n<p>Une tr\u00e8s ancienne Coutume basque, encore vivante au si\u00e8cle dernier consistait \u00e0 faire passer un nouveau-n\u00e9 \u00e0 travers un arbre, ami de l\u2019homme par excelle<\/p>\n<p>Un couple de dos, hommes- femme symbole de la vie, de la fertilit\u00e9<\/p>\n<p>Un cheval dont on devine l\u2019\u0153il et le corps autour du couple .Place du cheval dans la symbolique basque<\/p>\n<p>Un visage f\u00e9minin rouge,mena\u00e7ant ou protecteur ? D\u00e9esse ou divinit\u00e9 ? Mari ?<\/p>\n<p><strong>Ses Expositions<\/strong><\/p>\n<p>L\u2019ann\u00e9e 2011 repr\u00e9sente un tournant dans sa vie d\u2019artiste, car on va la voir accrocher ses pastels aux cimaises de plusieurs expositions, soit seule, soit au c\u00f4t\u00e9 d\u2019artistes r\u00e9put\u00e9s.<\/p>\n<p>En effet, Lorentxa a mis beaucoup de temps avant de se d\u00e9cider \u00e0 exposer, mais depuis 3 ans ses toiles figurent d\u00e9sormais r\u00e9guli\u00e8rement aux cimaises de nombreuses expositions, d\u00e9passant largement les limites du Pays basque. Cela t\u00e9moigne que sa notori\u00e9t\u00e9 est aujourd\u2019hui reconnue bien au-del\u00e0 d\u2019un c\u00e9nacle d\u2019amis, par de nombreux authentiques amateurs d\u2019art.<\/p>\n<p>2018 Avril Mediath\u00e9que Pierer Espil Hasparredn Exposition dans le cadre de la semaine Gernika<\/p>\n<p>2018 Mars Hasparren salle Choribit<\/p>\n<p>2017 Office de Tourisme Hasparren<\/p>\n<p>2017 Janvier: Hasparren: L&#8217;art basqued existe-t-il ? Salle Choribit<\/p>\n<p>2015 10-13 avril Eihartzea HAZPARNE Art: Chemin de la Libert\u00e9<\/p>\n<p>2015 Mars Kalostrape<\/p>\n<p>2014 18 D\u00e9cembre- 6 janvier : Carmaux &#8220;Salon d Hiver&#8221; Espace Jules Cavaill\u00e8s;<\/p>\n<p>2014 30 Avril 7 mai Hazparne Emazte begikeinua Salle Choribit, Mairie d&#8217;Hasparren et Haspand-Art<\/p>\n<p>2014 Avril : Vera de Bidassoa<\/p>\n<p>2014 31 janvier-26 f\u00e9vrier : TOLOSA aranburu jauregia<\/p>\n<p>30 avril-7mai: HAZPARNE mari\u00e9es clin d&#8217;oeil Salle Choribit<\/p>\n<p>2013<\/p>\n<p>27 d\u00e9cembre au 10 Janvier Carmaux \u00ab Arts et Mati\u00e8res \u00bb Importante exposition de groupe Salon d\u2019hiver de la ville<\/p>\n<p>8 au 30 juillet BAYONNE: \u00e0 Kalostrape avec Xabi Soubelet<\/p>\n<p>4 au 17 mai : BAYONNE : Galerie des Corsaires. Exposition: organis\u00e9e par Herrira<\/p>\n<p><strong>\u00ab Les artistes du Pays basque prennent la place \u00bb,<\/strong><\/p>\n<p>De nombreux artistes particip\u00e8rent \u00e0 cette exposition, en soutien aux prisonniers et aux r\u00e9fugi\u00e9s politiques basques: Miguel Alfredo Hernandez Busto, Tami Celaya Cooper, Alain Sistiaga, Bruno Aguerre, Gonzalo Etchebarria, Iker Valle, Irkus, Jo\u00eblle Rodeau, Juan Gorriti, Lorentxa Beyrie, Mattin Partarrieu, Michelle Neurisse, Mikel Aranoa, Patxi Lazkarai, Rikardo Pascual, Xabier Celestino, Xabier Soubelet.<\/p>\n<p>2012 Mars: Itxassou fermement Galerie<\/p>\n<p>Juin : Carmaux \u00ab Salon d\u2019\u00e9t\u00e9 \u00bb de Prospectives Artistiques<\/p>\n<p>2011 Mars: Hazparne Exposition organis\u00e9e par Emaztek Diote<\/p>\n<p>24 Juin-8 juillet : Carmaux : Maison de la citoyennet\u00e9 : \u00ab Salon d\u2019\u00e9t\u00e9 \u00bb sur le th\u00e8me Le corps<\/p>\n<p>Juillet Bayonne, Galeries des corsaires (avec Patrick Larriveau et Val\u00e9rie Garces).<\/p>\n<p>Arbonne \u00e0 La Benoiterie<\/p>\n<p>15-25 Novembre : Hazparne Exposition organis\u00e9e parHaspand-Art<\/p>\n<p>5 -13 Novembre PARIS &#8220;Espace Louise Michel<\/p>\n<p><img decoding=\"async\" src=\"http:\/\/http:\/\/www.haspand-art.com\/_\/rsrc\/1472849200675\/artistes\/lorentxa-beyrie\/Photo%20vernissage%20d%C3%A9cembre%20004.jpg?height=240&#038;width=320\" width=\"350\" \/><\/p>\n<p><strong>Succes r\u00e9el pour Lorentxa BEYRIE, lors de L&#8217;exposition&#8221; Art et mati\u00e9res&#8221; organis\u00e9e par la ville de Carmaux (81400)<\/strong><br \/>\ndu 27 d\u00e9cembre au 10 Janvier 2014.<\/p>\n<p>Lorentxa \u00e9tait entour\u00e9e de 9 autres artistes dont certains de renomm\u00e9e nationale.<br \/>\nUn public nombreux a d\u00e9couvert cette exposition, Par ailleurs plusieurs classes primaires de la ville conduite par leurs enseignants ont profit\u00e9 de la manifestation pour faire d\u00e9couvrir l&#8217;art \u00e0 leurs \u00e9l\u00e8ves<br \/>\nci-dessous une vue d&#8217;une des la salle d&#8217;exposition, au premier plan la sculpture bronze d Abel REIS<\/p>\n<p><img decoding=\"async\" src=\"https:\/\/sites.google.com\/a\/haspand-art.com\/site\/actu-a-la-une-rendez-vous\/Beyrie%20+%20sculpture.JPG\" width=\"350\" \/><\/p>\n<p>Une grande satisfaction pour le travail de Lorenxta et pour tous ses amis d&#8217;Haspand-Art<\/p>\n<p><strong>Prospective artistique : \u00e0 propos de Lorentxa Beyrie<\/strong><\/p>\n<p><em>\u00c9crit par Carmaux Actu Mis \u00e0 jour : 20 janvier 2015<\/em><\/p>\n<p>La dernier exposition, Salon d&#8217;hiver, de \u00ab Prospectives Artistiques \u00bb s&#8217;est termin\u00e9e il y a peu. Jean-Pierre Izard revient sur une peintre embl\u00e9matique, figure importante des derni\u00e8res collections.<\/p>\n<p>R\u00e9daction : Si l\u2019on regarde les catalogues des expositions que vous avez organis\u00e9es ces derni\u00e8res ann\u00e9es, \u00e0 Carmaux ou ailleurs, le nom de Lorentxa Beyrie revient de mani\u00e8re r\u00e9guli\u00e8re. Pourquoi ?<\/p>\n<p>J.-P. I.: Parce que son travail pla\u00eet, tout simplement. D&#8217;autant que les \u0153uvres pr\u00e9sent\u00e9es aujourd\u2019hui t\u00e9moignent de progr\u00e8s apides, disons atypique.<\/p>\n<p>R\u00e9daction : Justement Lorentxa Beyrie peint en captivit\u00e9, cela n\u2019entrave-t-il pas sa cr\u00e9ation ?<\/p>\n<p>J.P.I : En effet le fait d\u2019\u00eatre emprisonn\u00e9e ne facilite pas pour elle un environnement qui par les rencontres, l\u2019\u00e9change avec d\u2019autres artistes ou le public pourrait lui permettre d&#8217; \u00ab \u00e9voluer \u00bb. C\u2019est ce que j\u2019ai moi-m\u00eame pens\u00e9 longtemps, or paradoxalement son isolement l\u2019oblige \u00e0 plonger au plus profond d\u2019elle-m\u00eame se traduisant par une expression vierge de sa personnalit\u00e9.<\/p>\n<p>R\u00e9daction : Cela suppose donc une forte personnalit\u00e9 ?<\/p>\n<p>J.P.I : Ici se situe la force de Lorentxa, Depuis son enfance son attachement \u00e0 ses racines s\u2019est d\u00e9velopp\u00e9, consciente de son appartenance \u00e0 sa terre et a son peuple. Sur ce plan elle ne connait pas le doute, elle supporte sa captivit\u00e9 avec courage, sans n\u2019avoir jamais connue la moindre tentation de renoncement. Sa peinture est le reflet de sa personnalit\u00e9.<\/p>\n<p>R\u00e9daction : Vous pensez donc qu\u2019elle a encore une marge de progression ?<\/p>\n<p>J.P.I : Bien s\u00fbr, et c\u2019est en exposant, en allant \u00e0 la rencontre du regard des autres, qu\u2019elle continuera \u00e0 b\u00e2tir cette artiste en construction qu\u2019elle est aujourd&#8217;hui.<\/p>\n<p>De plus si elle pouvait jouir un jour de plus de libert\u00e9 je suis convaincu qu\u2019elle nous offrirait une palette nouvelle de son talent.<\/p>\n<p>Nouveaux tableaux 2016-2017<\/p>\n<p><img decoding=\"async\" src=\"http:\/\/www.haspand-art.com\/_\/rsrc\/1523479047792\/artistes\/lorentxa-beyrie\/Mytho%202017.JPG?height=200&#038;width=142\" width=\"100\" \/> <img decoding=\"async\" src=\"http:\/\/www.haspand-art.com\/_\/rsrc\/1485378181962\/artistes\/lorentxa-beyrie\/Lorentxa%20blanc.JPG?height=128&#038;width=200\" width=\"220\" \/> <\/p>\n<p>.<\/p>\n<p>.<\/p>\n<p>.<\/p>\n<p>.\n<\/p><\/blockquote>\n<div style=\"padding-bottom:20px; padding-top:10px;\" class=\"hupso-share-buttons\"><!-- Hupso Share Buttons - http:\/\/www.hupso.com\/share\/ --><a class=\"hupso_toolbar\" href=\"http:\/\/www.hupso.com\/share\/\"><img src=\"https:\/\/static.hupso.com\/share\/buttons\/share-medium.png\" style=\"border:0px; padding-top:5px; float:left;\" alt=\"Share\"\/><\/a><script type=\"text\/javascript\">var hupso_services_t=new Array(\"Twitter\",\"Facebook\",\"Linkedin\",\"StumbleUpon\",\"Digg\",\"Reddit\",\"Bebo\",\"Delicious\"); var hupso_toolbar_size_t=\"medium\";var hupso_url_t=\"\";var hupso_title_t=\"Lorentxa Beyrie, tindatzea pasioa eta beharra denean\";<\/script><script type=\"text\/javascript\" src=\"https:\/\/static.hupso.com\/share\/js\/share_toolbar.js\"><\/script><!-- Hupso Share Buttons --><\/div>","protected":false},"excerpt":{"rendered":"<p>. . . \u2192 haspand-art.com: Lorentxa Beyrie Lorentxa BEYRIE ARROKA 64240 Kambo Mail: arroka@cegetel.net . Tableau Gernika GERNIKA Est n\u00e9e en 1975 \u00e0 Kambo dans une famille basque Comme les autres enfants de la famille, elle est scolaris\u00e9e \u00e0 l&#8217;ikastola de la maternelle au bac . Cette scolarit\u00e9 lui donne une ma\u00eetrise totale de sa [&hellip;]<\/p>\n<div style=\"padding-bottom:20px; padding-top:10px;\" class=\"hupso-share-buttons\"><!-- Hupso Share Buttons - http:\/\/www.hupso.com\/share\/ --><a class=\"hupso_toolbar\" href=\"http:\/\/www.hupso.com\/share\/\"><img src=\"https:\/\/static.hupso.com\/share\/buttons\/share-medium.png\" style=\"border:0px; padding-top:5px; float:left;\" alt=\"Share\"\/><\/a><script type=\"text\/javascript\">var hupso_services_t=new Array(\"Twitter\",\"Facebook\",\"Linkedin\",\"StumbleUpon\",\"Digg\",\"Reddit\",\"Bebo\",\"Delicious\"); var hupso_toolbar_size_t=\"medium\";var hupso_url_t=\"\";var hupso_title_t=\"Lorentxa Beyrie, tindatzea pasioa eta beharra denean\";<\/script><script type=\"text\/javascript\" src=\"https:\/\/static.hupso.com\/share\/js\/share_toolbar.js\"><\/script><!-- Hupso Share Buttons --><\/div>","protected":false},"author":1,"featured_media":0,"comment_status":"closed","ping_status":"closed","sticky":false,"template":"","format":"standard","meta":{"footnotes":"","_share_on_mastodon":"1"},"categories":[13],"tags":[],"share_on_mastodon":{"url":"","error":""},"_links":{"self":[{"href":"https:\/\/www.literaturakoadernoak.org\/index.php?rest_route=\/wp\/v2\/posts\/4472"}],"collection":[{"href":"https:\/\/www.literaturakoadernoak.org\/index.php?rest_route=\/wp\/v2\/posts"}],"about":[{"href":"https:\/\/www.literaturakoadernoak.org\/index.php?rest_route=\/wp\/v2\/types\/post"}],"author":[{"embeddable":true,"href":"https:\/\/www.literaturakoadernoak.org\/index.php?rest_route=\/wp\/v2\/users\/1"}],"replies":[{"embeddable":true,"href":"https:\/\/www.literaturakoadernoak.org\/index.php?rest_route=%2Fwp%2Fv2%2Fcomments&post=4472"}],"version-history":[{"count":11,"href":"https:\/\/www.literaturakoadernoak.org\/index.php?rest_route=\/wp\/v2\/posts\/4472\/revisions"}],"predecessor-version":[{"id":4483,"href":"https:\/\/www.literaturakoadernoak.org\/index.php?rest_route=\/wp\/v2\/posts\/4472\/revisions\/4483"}],"wp:attachment":[{"href":"https:\/\/www.literaturakoadernoak.org\/index.php?rest_route=%2Fwp%2Fv2%2Fmedia&parent=4472"}],"wp:term":[{"taxonomy":"category","embeddable":true,"href":"https:\/\/www.literaturakoadernoak.org\/index.php?rest_route=%2Fwp%2Fv2%2Fcategories&post=4472"},{"taxonomy":"post_tag","embeddable":true,"href":"https:\/\/www.literaturakoadernoak.org\/index.php?rest_route=%2Fwp%2Fv2%2Ftags&post=4472"}],"curies":[{"name":"wp","href":"https:\/\/api.w.org\/{rel}","templated":true}]}}