{"id":4892,"date":"2021-11-25T15:45:50","date_gmt":"2021-11-25T14:45:50","guid":{"rendered":"http:\/\/www.literaturakoadernoak.org\/?p=4892"},"modified":"2021-11-25T15:52:53","modified_gmt":"2021-11-25T14:52:53","slug":"naiz-eus-euskal-iheslarien-bizipenetan-oinarritutako-nobela-berria-dakar-ataraminek","status":"publish","type":"post","link":"https:\/\/www.literaturakoadernoak.org\/?p=4892","title":{"rendered":"[naiz.eus] Euskal iheslarien bizipenetan oinarritutako nobela berria dakar Atarami\u00f1ek"},"content":{"rendered":"\n<figure class=\"wp-block-image size-large\"><img decoding=\"async\" src=\"https:\/\/www.naiz.eus\/media\/asset_publics\/resources\/000\/851\/908\/article_main_landscape\/ORALE_COMPADRE.jpg\" alt=\"\"\/><figcaption>Mikel Korta, Arantza Eziolaza eta Oier Gonzalez \u2018\u00d3rale compadre&#8230;\u00a1Nos vemos en Iparralde!\u2019 liburuaren aurkezpenean. (Monika DEL VALLE\/FOKU)<\/figcaption><\/figure>\n\n\n\n<p>\u2192 naiz.eus: <a href=\"https:\/\/www.naiz.eus\/eu\/info\/noticia\/20211125\/euskal-iheslari-eta-erbesteratuen-bizipenetan-oinarritutako-nobela-berri-bat-dakar-ataraminek\" target=\"_blank\" rel=\"noreferrer noopener\">Euskal iheslarien bizipenetan oinarritutako nobela berria dakar Atarami\u00f1ek<\/a><\/p>\n\n\n\n<blockquote class=\"wp-block-quote\"><font color=\"WHITE\"><p><\/p><cite><strong>Euskal iheslarien bizipenetan oinarritutako nobela berria dakar Atarami\u00f1ek<\/strong><br><strong><br><\/strong><em>Atarami\u00f1ek \u2018\u00d3rale, compadre\u2026 \u00a1Nos vemos en Iparralde!\u2019 nobela argitaratu du. Fikziozkoa izan arren, liburuak euskal errefuxiatuen bizipen errealetan oinarritutako pasarteak kontatzen ditu.<\/em><br><br>Iraide Ibarrondo<br><br>Atarami\u00f1e elkarteko Oier Gonzalezek azaldu duenez, eleberriak mugaren beste aldeko bizipenak kontatzen laguntzen du, Euskal Herriko gatazka deskribatzen lagunduko duen beste ahots bat opatuz: \u00abEz gatoz gatazka kontatzera, baizik eta gatazkaren izaera poliedrikoari beste ertz bat jartzera\u00bb.<br><br>Bestalde, Eziolazak adierazi du liburua nebari egindako bisitetan zehar entzundako eta batutako istorioekin osatu duela poliki-poliki. \u00abBere hitzak dira, ez nireak\u00bb, zehaztu du. Horri, euskal iheslarien egoera \u00abmundu mundialeko gauza ezezagunena\u00bb dela eta eleberria errealitate hori kontatzeko \u00abate bat\u00bb izatea espero duela gehitu dio.<br><br>Era berean, Eziolazak exiliatuta egotea eta libre egotea ez direla gauza bera nabarmendu du eta adierazpena azaltzeko bere nebaren gogoeta bat mahaigaineratu du: \u00abNire nebak beti esaten zigun exiliatu eta euskal preso baten arteko desberdintasuna, presoaren kasuan, ziegako giltza kartzelariak zuela zela. Eta, exiliatuaren kasuan, kontrara, norbera izan behar zela bere burua giltzaperatzen zuena\u00bb.<br><br>\u2018\u00d3rale, compadre\u2026\u00a1Nos vemos en Iparralde!\u2019 eleberria Durangoko Azokari begira argitaratu dute eta ohiko liburudendetan salgai dago jada.<br><br><strong>Erbesteratuak datuetan<\/strong><br><br>Liburuaren aurkezpen ekitaldian Sortuko Mikel Korta ere izan da eta egun erbestean bizi diren iheslarien egoera ulertarazteko gako batzuk eskaini ditu. Guar egun, 35 iheslari daude exiliatuta eta 8 deportatuta.<br><br>Dena den, Euskal Herrian, 60. hamarkadatik hona, \u00ab2.500-3.000 lagun\u00bb erbestean bizitzera \u00abkondenatuak\u00bb izan direla ekarri du gogora Sortuko kideak. Orotara, 383 kanporatze edo entrega izan zirela zehaztu du eta, horietatik 158 lagunek, gutxienez, \u00abtorturatuta bukatu\u00bb dutela salatu du Kortak.<br><br>Are gehiago, Sortuko kideak plazaratu duenaren arabera, 60. hamarkadatik hona 272 estradizio edo euroagindu eta 70 deportazio eman dira. Deportazioa jasaten ari zirela, 12 lagun hil ziren.<br><br>Hortaz gain, Kortak jakinarazi du, 12 deportatu horiek barne, 84 izan direla guztira atzerrian hil diren errepresaliatu politikoak eta horietako 25en heriotzen erantzulea \u00abgerra zikina\u00bb izan dela.<\/font>\n<\/br><\/br>\n\n<\/cite><\/blockquote>\n<div style=\"padding-bottom:20px; padding-top:10px;\" class=\"hupso-share-buttons\"><!-- Hupso Share Buttons - http:\/\/www.hupso.com\/share\/ --><a class=\"hupso_toolbar\" href=\"http:\/\/www.hupso.com\/share\/\"><img src=\"https:\/\/static.hupso.com\/share\/buttons\/share-medium.png\" style=\"border:0px; padding-top:5px; float:left;\" alt=\"Share\"\/><\/a><script type=\"text\/javascript\">var hupso_services_t=new Array(\"Twitter\",\"Facebook\",\"Linkedin\",\"StumbleUpon\",\"Digg\",\"Reddit\",\"Bebo\",\"Delicious\"); var hupso_toolbar_size_t=\"medium\";var hupso_url_t=\"\";var hupso_title_t=\"[naiz.eus] Euskal iheslarien bizipenetan oinarritutako nobela berria dakar Atarami\u00f1ek\";<\/script><script type=\"text\/javascript\" src=\"https:\/\/static.hupso.com\/share\/js\/share_toolbar.js\"><\/script><!-- Hupso Share Buttons --><\/div>","protected":false},"excerpt":{"rendered":"<p>\u2192 naiz.eus: Euskal iheslarien bizipenetan oinarritutako nobela berria dakar Atarami\u00f1ek Euskal iheslarien bizipenetan oinarritutako nobela berria dakar Atarami\u00f1ekAtarami\u00f1ek \u2018\u00d3rale, compadre\u2026 \u00a1Nos vemos en Iparralde!\u2019 nobela argitaratu du. Fikziozkoa izan arren, liburuak euskal errefuxiatuen bizipen errealetan oinarritutako pasarteak kontatzen ditu. Iraide Ibarrondo Atarami\u00f1e elkarteko Oier Gonzalezek azaldu duenez, eleberriak mugaren beste aldeko bizipenak kontatzen laguntzen du, [&hellip;]<\/p>\n<div style=\"padding-bottom:20px; padding-top:10px;\" class=\"hupso-share-buttons\"><!-- Hupso Share Buttons - http:\/\/www.hupso.com\/share\/ --><a class=\"hupso_toolbar\" href=\"http:\/\/www.hupso.com\/share\/\"><img src=\"https:\/\/static.hupso.com\/share\/buttons\/share-medium.png\" style=\"border:0px; padding-top:5px; float:left;\" alt=\"Share\"\/><\/a><script type=\"text\/javascript\">var hupso_services_t=new Array(\"Twitter\",\"Facebook\",\"Linkedin\",\"StumbleUpon\",\"Digg\",\"Reddit\",\"Bebo\",\"Delicious\"); var hupso_toolbar_size_t=\"medium\";var hupso_url_t=\"\";var hupso_title_t=\"[naiz.eus] Euskal iheslarien bizipenetan oinarritutako nobela berria dakar Atarami\u00f1ek\";<\/script><script type=\"text\/javascript\" src=\"https:\/\/static.hupso.com\/share\/js\/share_toolbar.js\"><\/script><!-- Hupso Share Buttons --><\/div>","protected":false},"author":1,"featured_media":0,"comment_status":"closed","ping_status":"closed","sticky":false,"template":"","format":"standard","meta":{"footnotes":"","_share_on_mastodon":"1"},"categories":[27,29,32,30],"tags":[],"share_on_mastodon":{"url":"","error":""},"_links":{"self":[{"href":"https:\/\/www.literaturakoadernoak.org\/index.php?rest_route=\/wp\/v2\/posts\/4892"}],"collection":[{"href":"https:\/\/www.literaturakoadernoak.org\/index.php?rest_route=\/wp\/v2\/posts"}],"about":[{"href":"https:\/\/www.literaturakoadernoak.org\/index.php?rest_route=\/wp\/v2\/types\/post"}],"author":[{"embeddable":true,"href":"https:\/\/www.literaturakoadernoak.org\/index.php?rest_route=\/wp\/v2\/users\/1"}],"replies":[{"embeddable":true,"href":"https:\/\/www.literaturakoadernoak.org\/index.php?rest_route=%2Fwp%2Fv2%2Fcomments&post=4892"}],"version-history":[{"count":4,"href":"https:\/\/www.literaturakoadernoak.org\/index.php?rest_route=\/wp\/v2\/posts\/4892\/revisions"}],"predecessor-version":[{"id":4897,"href":"https:\/\/www.literaturakoadernoak.org\/index.php?rest_route=\/wp\/v2\/posts\/4892\/revisions\/4897"}],"wp:attachment":[{"href":"https:\/\/www.literaturakoadernoak.org\/index.php?rest_route=%2Fwp%2Fv2%2Fmedia&parent=4892"}],"wp:term":[{"taxonomy":"category","embeddable":true,"href":"https:\/\/www.literaturakoadernoak.org\/index.php?rest_route=%2Fwp%2Fv2%2Fcategories&post=4892"},{"taxonomy":"post_tag","embeddable":true,"href":"https:\/\/www.literaturakoadernoak.org\/index.php?rest_route=%2Fwp%2Fv2%2Ftags&post=4892"}],"curies":[{"name":"wp","href":"https:\/\/api.w.org\/{rel}","templated":true}]}}